{"id":928,"date":"2014-02-06T17:39:38","date_gmt":"2014-02-06T15:39:38","guid":{"rendered":"http:\/\/www.wsv-landesbergen.de\/wsv\/?p=928"},"modified":"2014-02-06T17:39:38","modified_gmt":"2014-02-06T15:39:38","slug":"gruenkohlwanderung-2014","status":"publish","type":"post","link":"http:\/\/www.wsv-landesbergen.de\/wsv\/?p=928","title":{"rendered":"Gr\u00fcnkohlwanderung 2014"},"content":{"rendered":"<p>Liebe Vereinsfreunde!<br \/>\nAm Sonntag den <strong>16. Februar 2014<\/strong> wollen wir wieder zur unserer j\u00e4hrlichen Gr\u00fcnkohlwanderung aufbrechen. Los geht\u00b4s um 10:30 Uhr am F\u00e4hrhaus. Dort besteht auch die M\u00f6glichkeit, sich mitgebrachte Thermoskannen mit Gl\u00fchwein auff\u00fcllen zu lassen. Alles andere bringt sich bitte jeder selbst mit.<br \/>\nVom F\u00e4hrhaus aus starten wir dann in Richtung &#8222;Fischli&#8220;, wo wir den Kiesteich einmal umrunden m\u00f6chten. P\u00fcntklich zum Mittag (ca. 13:00 Uhr) treffen wir uns dann alle wieder im F\u00e4hrhaus ein um gemeinsam den Gr\u00fcnkohl zu verputzen \ud83d\ude42<\/p>\n<p>Denkt bitte daran euch <strong>bis zum 11.02.14<\/strong> bei Armin <strong>anzumelden<\/strong> oder in die Liste am schwarzen Brett im F\u00e4hrhaus einzutragen.<\/p>\n","protected":false},"excerpt":{"rendered":"<p>Liebe Vereinsfreunde! Am Sonntag den 16. Februar 2014 wollen wir wieder zur unserer j\u00e4hrlichen Gr\u00fcnkohlwanderung aufbrechen. Los geht\u00b4s um 10:30 Uhr am F\u00e4hrhaus. Dort besteht auch die M\u00f6glichkeit, sich mitgebrachte Thermoskannen mit Gl\u00fchwein auff\u00fcllen zu lassen. Alles andere bringt sich bitte jeder selbst mit. Vom F\u00e4hrhaus aus starten wir dann in Richtung &#8222;Fischli&#8220;, wo wir den Kiesteich einmal umrunden m\u00f6chten. P\u00fcntklich zum Mittag (ca. 13:00 Uhr) treffen wir uns dann alle wieder im F\u00e4hrhaus ein um gemeinsam den Gr\u00fcnkohl zu&#8230;<\/p>\n<p class=\"read-more\"><a class=\"btn btn-default\" href=\"http:\/\/www.wsv-landesbergen.de\/wsv\/?p=928\">Weiterlesen<span class=\"screen-reader-text\"> Weiterlesen<\/span><\/a><\/p>\n","protected":false},"author":2,"featured_media":0,"comment_status":"closed","ping_status":"closed","sticky":false,"template":"","format":"standard","meta":{"footnotes":""},"categories":[10],"tags":[],"class_list":["post-928","post","type-post","status-publish","format-standard","hentry","category-info"],"_links":{"self":[{"href":"http:\/\/www.wsv-landesbergen.de\/wsv\/index.php?rest_route=\/wp\/v2\/posts\/928","targetHints":{"allow":["GET"]}}],"collection":[{"href":"http:\/\/www.wsv-landesbergen.de\/wsv\/index.php?rest_route=\/wp\/v2\/posts"}],"about":[{"href":"http:\/\/www.wsv-landesbergen.de\/wsv\/index.php?rest_route=\/wp\/v2\/types\/post"}],"author":[{"embeddable":true,"href":"http:\/\/www.wsv-landesbergen.de\/wsv\/index.php?rest_route=\/wp\/v2\/users\/2"}],"replies":[{"embeddable":true,"href":"http:\/\/www.wsv-landesbergen.de\/wsv\/index.php?rest_route=%2Fwp%2Fv2%2Fcomments&post=928"}],"version-history":[{"count":2,"href":"http:\/\/www.wsv-landesbergen.de\/wsv\/index.php?rest_route=\/wp\/v2\/posts\/928\/revisions"}],"predecessor-version":[{"id":930,"href":"http:\/\/www.wsv-landesbergen.de\/wsv\/index.php?rest_route=\/wp\/v2\/posts\/928\/revisions\/930"}],"wp:attachment":[{"href":"http:\/\/www.wsv-landesbergen.de\/wsv\/index.php?rest_route=%2Fwp%2Fv2%2Fmedia&parent=928"}],"wp:term":[{"taxonomy":"category","embeddable":true,"href":"http:\/\/www.wsv-landesbergen.de\/wsv\/index.php?rest_route=%2Fwp%2Fv2%2Fcategories&post=928"},{"taxonomy":"post_tag","embeddable":true,"href":"http:\/\/www.wsv-landesbergen.de\/wsv\/index.php?rest_route=%2Fwp%2Fv2%2Ftags&post=928"}],"curies":[{"name":"wp","href":"https:\/\/api.w.org\/{rel}","templated":true}]}}